{"id":551,"date":"2025-10-17T11:48:23","date_gmt":"2025-10-17T11:48:23","guid":{"rendered":"https:\/\/rikoncranes.com\/news-and-events\/jauns-celtnis-no-latvijas\/"},"modified":"2026-01-18T14:02:58","modified_gmt":"2026-01-18T14:02:58","slug":"as-rikon-veiksmigi-nosledz-es-projektu-transporta-sistemas-attistibai-bosnija-un-hercegovina","status":"publish","type":"news-and-events","link":"https:\/\/rikoncranes.com\/lv\/aktualitates\/as-rikon-veiksmigi-nosledz-es-projektu-transporta-sistemas-attistibai-bosnija-un-hercegovina\/","title":{"rendered":"AS RIKON veiksm\u012bgi nosl\u0113dz ES projektu transporta sist\u0113mas att\u012bst\u012bbai Bosnij\u0101 un Hercegovin\u0101"},"content":{"rendered":"\n<p>Projekts, kas tika \u012bstenots no 2021. l\u012bdz 2024. gadam, ir noz\u012bm\u012bgs solis uz priek\u0161u, neskatoties uz sare\u017e\u0123\u012btajiem ekonomiskajiem apst\u0101k\u013ciem pasaul\u0113.<\/p>\n\n<p>Projekta galvenais m\u0113r\u0137is bija Bosnijas un Hercegovinas iek\u0161zemes upju ostas renov\u0101cija. Projekta \u012bsteno\u0161anas gait\u0101 tika veikta visaptvero\u0161a modern\u0101s kravu p\u0101rkrau\u0161anas tehnikas un beramkravu bunkura pieg\u0101de. Viens no svar\u012bg\u0101kajiem atjaunot\u0101s infrastrukt\u016bras elementiem ir port\u0101lcelt\u0146is, kura nomin\u0101l\u0101 darba jauda, str\u0101d\u0101jot ar 11 m\u00b3 satv\u0113r\u0113ju, sasniedz 550 tonnas stund\u0101.<\/p>\n\n<p>Turkl\u0101t celt\u0146a maksim\u0101l\u0101 cel\u0161anas jauda ir 27 tonnas, kas b\u016btiski uzlabo kravu p\u0101rvad\u0101jumu efektivit\u0101ti re\u0123ion\u0101. Projekta veiksm\u012bga pabeig\u0161ana uzlabos lo\u0123istiku un sniegs noz\u012bm\u012bgu ieguld\u012bjumu Bosnijas un Hercegovinas ekonomiskaj\u0101 att\u012bst\u012bb\u0101. AS RIKON turpina akt\u012bvi str\u0101d\u0101t pie projektiem, kuru m\u0113r\u0137is ir transporta infrastrukt\u016bras att\u012bst\u012bba vis\u0101 Eirop\u0101.<\/p>\n\n<p><\/p>\n","protected":false},"excerpt":{"rendered":"<p>AS RIKON ar lepnumu pazi\u0146o par Eiropas Savien\u012bbas transporta sist\u0113mas att\u012bst\u012bbas projekta, ko finans\u0113ja Eiropas Rekonstrukcijas un att\u012bst\u012bbas banka (ERAB), veiksm\u012bgu pabeig\u0161anu.<\/p>\n","protected":false},"featured_media":93,"template":"","meta":{"_acf_changed":false},"class_list":["post-551","news-and-events","type-news-and-events","status-publish","has-post-thumbnail","hentry"],"acf":[],"yoast_head":"<!-- This site is optimized with the Yoast SEO Premium plugin v1 (Yoast SEO v27.3) - https:\/\/yoast.com\/product\/yoast-seo-premium-wordpress\/ -->\n<title>AS RIKON veiksm\u012bgi nosl\u0113dz ES projektu transporta sist\u0113mas att\u012bst\u012bbai Bosnij\u0101 un Hercegovin\u0101 - RIKON<\/title>\n<meta name=\"description\" content=\"Abon\u0113jiet m\u016bsu jaunumus un sa\u0146emiet jaun\u0101k\u0101s zi\u0146as un pazi\u0146ojumus par gaid\u0101majiem pas\u0101kumiem tie\u0161i sav\u0101 e-past\u0101.\" \/>\n<meta name=\"robots\" content=\"index, follow, max-snippet:-1, max-image-preview:large, max-video-preview:-1\" \/>\n<link rel=\"canonical\" href=\"https:\/\/rikoncranes.com\/lv\/aktualitates\/as-rikon-veiksmigi-nosledz-es-projektu-transporta-sistemas-attistibai-bosnija-un-hercegovina\/\" \/>\n<meta property=\"og:locale\" content=\"lv_LV\" \/>\n<meta property=\"og:type\" content=\"article\" \/>\n<meta property=\"og:title\" content=\"AS RIKON veiksm\u012bgi nosl\u0113dz ES projektu transporta sist\u0113mas att\u012bst\u012bbai Bosnij\u0101 un Hercegovin\u0101 - RIKON\" \/>\n<meta property=\"og:description\" content=\"Abon\u0113jiet m\u016bsu jaunumus un sa\u0146emiet jaun\u0101k\u0101s zi\u0146as un pazi\u0146ojumus par gaid\u0101majiem pas\u0101kumiem tie\u0161i sav\u0101 e-past\u0101.\" \/>\n<meta property=\"og:url\" content=\"https:\/\/rikoncranes.com\/lv\/aktualitates\/as-rikon-veiksmigi-nosledz-es-projektu-transporta-sistemas-attistibai-bosnija-un-hercegovina\/\" \/>\n<meta property=\"og:site_name\" content=\"RIKON\" \/>\n<meta property=\"article:modified_time\" content=\"2026-01-18T14:02:58+00:00\" \/>\n<meta property=\"og:image\" content=\"https:\/\/rikoncranes.com\/wp-content\/uploads\/2025\/10\/Bosnia-and-Herzegovina.jpg\" \/>\n\t<meta property=\"og:image:width\" content=\"2048\" \/>\n\t<meta property=\"og:image:height\" content=\"1367\" \/>\n\t<meta property=\"og:image:type\" content=\"image\/jpeg\" \/>\n<meta name=\"twitter:card\" content=\"summary_large_image\" \/>\n<meta name=\"twitter:label1\" content=\"Est. reading time\" \/>\n\t<meta name=\"twitter:data1\" content=\"1 minute\" \/>\n<script type=\"application\/ld+json\" class=\"yoast-schema-graph\">{\"@context\":\"https:\\\/\\\/schema.org\",\"@graph\":[{\"@type\":\"WebPage\",\"@id\":\"https:\\\/\\\/rikoncranes.com\\\/lv\\\/aktualitates\\\/as-rikon-veiksmigi-nosledz-es-projektu-transporta-sistemas-attistibai-bosnija-un-hercegovina\\\/\",\"url\":\"https:\\\/\\\/rikoncranes.com\\\/lv\\\/aktualitates\\\/as-rikon-veiksmigi-nosledz-es-projektu-transporta-sistemas-attistibai-bosnija-un-hercegovina\\\/\",\"name\":\"AS RIKON veiksm\u012bgi nosl\u0113dz ES projektu transporta sist\u0113mas att\u012bst\u012bbai Bosnij\u0101 un Hercegovin\u0101 - RIKON\",\"isPartOf\":{\"@id\":\"https:\\\/\\\/rikoncranes.com\\\/lv\\\/#website\"},\"primaryImageOfPage\":{\"@id\":\"https:\\\/\\\/rikoncranes.com\\\/lv\\\/aktualitates\\\/as-rikon-veiksmigi-nosledz-es-projektu-transporta-sistemas-attistibai-bosnija-un-hercegovina\\\/#primaryimage\"},\"image\":{\"@id\":\"https:\\\/\\\/rikoncranes.com\\\/lv\\\/aktualitates\\\/as-rikon-veiksmigi-nosledz-es-projektu-transporta-sistemas-attistibai-bosnija-un-hercegovina\\\/#primaryimage\"},\"thumbnailUrl\":\"https:\\\/\\\/rikoncranes.com\\\/wp-content\\\/uploads\\\/2025\\\/10\\\/Bosnia-and-Herzegovina.jpg\",\"datePublished\":\"2025-10-17T11:48:23+00:00\",\"dateModified\":\"2026-01-18T14:02:58+00:00\",\"description\":\"Abon\u0113jiet m\u016bsu jaunumus un sa\u0146emiet jaun\u0101k\u0101s zi\u0146as un pazi\u0146ojumus par gaid\u0101majiem pas\u0101kumiem tie\u0161i sav\u0101 e-past\u0101.\",\"breadcrumb\":{\"@id\":\"https:\\\/\\\/rikoncranes.com\\\/lv\\\/aktualitates\\\/as-rikon-veiksmigi-nosledz-es-projektu-transporta-sistemas-attistibai-bosnija-un-hercegovina\\\/#breadcrumb\"},\"inLanguage\":\"lv-LV\",\"potentialAction\":[{\"@type\":\"ReadAction\",\"target\":[\"https:\\\/\\\/rikoncranes.com\\\/lv\\\/aktualitates\\\/as-rikon-veiksmigi-nosledz-es-projektu-transporta-sistemas-attistibai-bosnija-un-hercegovina\\\/\"]}]},{\"@type\":\"ImageObject\",\"inLanguage\":\"lv-LV\",\"@id\":\"https:\\\/\\\/rikoncranes.com\\\/lv\\\/aktualitates\\\/as-rikon-veiksmigi-nosledz-es-projektu-transporta-sistemas-attistibai-bosnija-un-hercegovina\\\/#primaryimage\",\"url\":\"https:\\\/\\\/rikoncranes.com\\\/wp-content\\\/uploads\\\/2025\\\/10\\\/Bosnia-and-Herzegovina.jpg\",\"contentUrl\":\"https:\\\/\\\/rikoncranes.com\\\/wp-content\\\/uploads\\\/2025\\\/10\\\/Bosnia-and-Herzegovina.jpg\",\"width\":2048,\"height\":1367},{\"@type\":\"BreadcrumbList\",\"@id\":\"https:\\\/\\\/rikoncranes.com\\\/lv\\\/aktualitates\\\/as-rikon-veiksmigi-nosledz-es-projektu-transporta-sistemas-attistibai-bosnija-un-hercegovina\\\/#breadcrumb\",\"itemListElement\":[{\"@type\":\"ListItem\",\"position\":1,\"name\":\"Home\",\"item\":\"https:\\\/\\\/rikoncranes.com\\\/lv\\\/\"},{\"@type\":\"ListItem\",\"position\":2,\"name\":\"News and Events\",\"item\":\"https:\\\/\\\/rikoncranes.com\\\/lv\\\/aktualitates\\\/\"},{\"@type\":\"ListItem\",\"position\":3,\"name\":\"AS RIKON veiksm\u012bgi nosl\u0113dz ES projektu transporta sist\u0113mas att\u012bst\u012bbai Bosnij\u0101 un Hercegovin\u0101\"}]},{\"@type\":\"WebSite\",\"@id\":\"https:\\\/\\\/rikoncranes.com\\\/lv\\\/#website\",\"url\":\"https:\\\/\\\/rikoncranes.com\\\/lv\\\/\",\"name\":\"RIKONCRANES.COM\",\"description\":\"\",\"publisher\":{\"@id\":\"https:\\\/\\\/rikoncranes.com\\\/lv\\\/#organization\"},\"potentialAction\":[{\"@type\":\"SearchAction\",\"target\":{\"@type\":\"EntryPoint\",\"urlTemplate\":\"https:\\\/\\\/rikoncranes.com\\\/lv\\\/?s={search_term_string}\"},\"query-input\":{\"@type\":\"PropertyValueSpecification\",\"valueRequired\":true,\"valueName\":\"search_term_string\"}}],\"inLanguage\":\"lv-LV\"},{\"@type\":\"Organization\",\"@id\":\"https:\\\/\\\/rikoncranes.com\\\/lv\\\/#organization\",\"name\":\"RIKON JSC\",\"url\":\"https:\\\/\\\/rikoncranes.com\\\/lv\\\/\",\"logo\":{\"@type\":\"ImageObject\",\"inLanguage\":\"lv-LV\",\"@id\":\"https:\\\/\\\/rikoncranes.com\\\/lv\\\/#\\\/schema\\\/logo\\\/image\\\/\",\"url\":\"https:\\\/\\\/rikoncranes.com\\\/wp-content\\\/uploads\\\/2025\\\/11\\\/site-logotype.svg\",\"contentUrl\":\"https:\\\/\\\/rikoncranes.com\\\/wp-content\\\/uploads\\\/2025\\\/11\\\/site-logotype.svg\",\"width\":1160,\"height\":203,\"caption\":\"RIKON JSC\"},\"image\":{\"@id\":\"https:\\\/\\\/rikoncranes.com\\\/lv\\\/#\\\/schema\\\/logo\\\/image\\\/\"}}]}<\/script>\n<!-- \/ Yoast SEO Premium plugin. -->","yoast_head_json":{"title":"AS RIKON veiksm\u012bgi nosl\u0113dz ES projektu transporta sist\u0113mas att\u012bst\u012bbai Bosnij\u0101 un Hercegovin\u0101 - RIKON","description":"Abon\u0113jiet m\u016bsu jaunumus un sa\u0146emiet jaun\u0101k\u0101s zi\u0146as un pazi\u0146ojumus par gaid\u0101majiem pas\u0101kumiem tie\u0161i sav\u0101 e-past\u0101.","robots":{"index":"index","follow":"follow","max-snippet":"max-snippet:-1","max-image-preview":"max-image-preview:large","max-video-preview":"max-video-preview:-1"},"canonical":"https:\/\/rikoncranes.com\/lv\/aktualitates\/as-rikon-veiksmigi-nosledz-es-projektu-transporta-sistemas-attistibai-bosnija-un-hercegovina\/","og_locale":"lv_LV","og_type":"article","og_title":"AS RIKON veiksm\u012bgi nosl\u0113dz ES projektu transporta sist\u0113mas att\u012bst\u012bbai Bosnij\u0101 un Hercegovin\u0101 - RIKON","og_description":"Abon\u0113jiet m\u016bsu jaunumus un sa\u0146emiet jaun\u0101k\u0101s zi\u0146as un pazi\u0146ojumus par gaid\u0101majiem pas\u0101kumiem tie\u0161i sav\u0101 e-past\u0101.","og_url":"https:\/\/rikoncranes.com\/lv\/aktualitates\/as-rikon-veiksmigi-nosledz-es-projektu-transporta-sistemas-attistibai-bosnija-un-hercegovina\/","og_site_name":"RIKON","article_modified_time":"2026-01-18T14:02:58+00:00","og_image":[{"width":2048,"height":1367,"url":"https:\/\/rikoncranes.com\/wp-content\/uploads\/2025\/10\/Bosnia-and-Herzegovina.jpg","type":"image\/jpeg"}],"twitter_card":"summary_large_image","twitter_misc":{"Est. reading time":"1 minute"},"schema":{"@context":"https:\/\/schema.org","@graph":[{"@type":"WebPage","@id":"https:\/\/rikoncranes.com\/lv\/aktualitates\/as-rikon-veiksmigi-nosledz-es-projektu-transporta-sistemas-attistibai-bosnija-un-hercegovina\/","url":"https:\/\/rikoncranes.com\/lv\/aktualitates\/as-rikon-veiksmigi-nosledz-es-projektu-transporta-sistemas-attistibai-bosnija-un-hercegovina\/","name":"AS RIKON veiksm\u012bgi nosl\u0113dz ES projektu transporta sist\u0113mas att\u012bst\u012bbai Bosnij\u0101 un Hercegovin\u0101 - RIKON","isPartOf":{"@id":"https:\/\/rikoncranes.com\/lv\/#website"},"primaryImageOfPage":{"@id":"https:\/\/rikoncranes.com\/lv\/aktualitates\/as-rikon-veiksmigi-nosledz-es-projektu-transporta-sistemas-attistibai-bosnija-un-hercegovina\/#primaryimage"},"image":{"@id":"https:\/\/rikoncranes.com\/lv\/aktualitates\/as-rikon-veiksmigi-nosledz-es-projektu-transporta-sistemas-attistibai-bosnija-un-hercegovina\/#primaryimage"},"thumbnailUrl":"https:\/\/rikoncranes.com\/wp-content\/uploads\/2025\/10\/Bosnia-and-Herzegovina.jpg","datePublished":"2025-10-17T11:48:23+00:00","dateModified":"2026-01-18T14:02:58+00:00","description":"Abon\u0113jiet m\u016bsu jaunumus un sa\u0146emiet jaun\u0101k\u0101s zi\u0146as un pazi\u0146ojumus par gaid\u0101majiem pas\u0101kumiem tie\u0161i sav\u0101 e-past\u0101.","breadcrumb":{"@id":"https:\/\/rikoncranes.com\/lv\/aktualitates\/as-rikon-veiksmigi-nosledz-es-projektu-transporta-sistemas-attistibai-bosnija-un-hercegovina\/#breadcrumb"},"inLanguage":"lv-LV","potentialAction":[{"@type":"ReadAction","target":["https:\/\/rikoncranes.com\/lv\/aktualitates\/as-rikon-veiksmigi-nosledz-es-projektu-transporta-sistemas-attistibai-bosnija-un-hercegovina\/"]}]},{"@type":"ImageObject","inLanguage":"lv-LV","@id":"https:\/\/rikoncranes.com\/lv\/aktualitates\/as-rikon-veiksmigi-nosledz-es-projektu-transporta-sistemas-attistibai-bosnija-un-hercegovina\/#primaryimage","url":"https:\/\/rikoncranes.com\/wp-content\/uploads\/2025\/10\/Bosnia-and-Herzegovina.jpg","contentUrl":"https:\/\/rikoncranes.com\/wp-content\/uploads\/2025\/10\/Bosnia-and-Herzegovina.jpg","width":2048,"height":1367},{"@type":"BreadcrumbList","@id":"https:\/\/rikoncranes.com\/lv\/aktualitates\/as-rikon-veiksmigi-nosledz-es-projektu-transporta-sistemas-attistibai-bosnija-un-hercegovina\/#breadcrumb","itemListElement":[{"@type":"ListItem","position":1,"name":"Home","item":"https:\/\/rikoncranes.com\/lv\/"},{"@type":"ListItem","position":2,"name":"News and Events","item":"https:\/\/rikoncranes.com\/lv\/aktualitates\/"},{"@type":"ListItem","position":3,"name":"AS RIKON veiksm\u012bgi nosl\u0113dz ES projektu transporta sist\u0113mas att\u012bst\u012bbai Bosnij\u0101 un Hercegovin\u0101"}]},{"@type":"WebSite","@id":"https:\/\/rikoncranes.com\/lv\/#website","url":"https:\/\/rikoncranes.com\/lv\/","name":"RIKONCRANES.COM","description":"","publisher":{"@id":"https:\/\/rikoncranes.com\/lv\/#organization"},"potentialAction":[{"@type":"SearchAction","target":{"@type":"EntryPoint","urlTemplate":"https:\/\/rikoncranes.com\/lv\/?s={search_term_string}"},"query-input":{"@type":"PropertyValueSpecification","valueRequired":true,"valueName":"search_term_string"}}],"inLanguage":"lv-LV"},{"@type":"Organization","@id":"https:\/\/rikoncranes.com\/lv\/#organization","name":"RIKON JSC","url":"https:\/\/rikoncranes.com\/lv\/","logo":{"@type":"ImageObject","inLanguage":"lv-LV","@id":"https:\/\/rikoncranes.com\/lv\/#\/schema\/logo\/image\/","url":"https:\/\/rikoncranes.com\/wp-content\/uploads\/2025\/11\/site-logotype.svg","contentUrl":"https:\/\/rikoncranes.com\/wp-content\/uploads\/2025\/11\/site-logotype.svg","width":1160,"height":203,"caption":"RIKON JSC"},"image":{"@id":"https:\/\/rikoncranes.com\/lv\/#\/schema\/logo\/image\/"}}]}},"_links":{"self":[{"href":"https:\/\/rikoncranes.com\/lv\/wp-json\/wp\/v2\/news-and-events\/551","targetHints":{"allow":["GET"]}}],"collection":[{"href":"https:\/\/rikoncranes.com\/lv\/wp-json\/wp\/v2\/news-and-events"}],"about":[{"href":"https:\/\/rikoncranes.com\/lv\/wp-json\/wp\/v2\/types\/news-and-events"}],"wp:featuredmedia":[{"embeddable":true,"href":"https:\/\/rikoncranes.com\/lv\/wp-json\/wp\/v2\/media\/93"}],"wp:attachment":[{"href":"https:\/\/rikoncranes.com\/lv\/wp-json\/wp\/v2\/media?parent=551"}],"curies":[{"name":"wp","href":"https:\/\/api.w.org\/{rel}","templated":true}]}}