{"id":658,"date":"2025-10-28T21:52:00","date_gmt":"2025-10-28T21:52:00","guid":{"rendered":"https:\/\/rikoncranes.com\/news-and-events\/jsc-rikon-ships-first-a-rmg-for-madrids-new-intermodal-terminal\/"},"modified":"2025-12-02T21:59:02","modified_gmt":"2025-12-02T21:59:02","slug":"as-rikon-nosuta-pirmo-a-rmg-celtni-madrides-jaunajam-intermodalajam-terminalim","status":"publish","type":"news-and-events","link":"https:\/\/rikoncranes.com\/lv\/aktualitates\/as-rikon-nosuta-pirmo-a-rmg-celtni-madrides-jaunajam-intermodalajam-terminalim\/","title":{"rendered":"AS \u201cRIKON\u201d nos\u016bta pirmo A-RMG celtni Madrides jaunajam intermod\u0101lajam termin\u0101lim"},"content":{"rendered":"\n<p>Jaunie A-RMG celt\u0146i p\u0101rst\u0101v jaun\u0101ko progresu konteineru apstr\u0101des tehnolo\u0123ij\u0101s. Visi tr\u012bs celt\u0146i nodro\u0161ina piln\u012bb\u0101 automatiz\u0113tu darb\u012bbu bez operatora kab\u012bn\u0113m un ir apr\u012bkoti ar RROS (RIKON Remote Operation System), kas nodro\u0161ina piln\u012bgu att\u0101lin\u0101t\u0101s vad\u012bbas funkcionalit\u0101ti. Galvenie tehniskie parametri:<\/p>\n\n<ul class=\"wp-block-list\">\n<li>Celtsp\u0113ja: 40 t<\/li>\n\n\n\n<li>Konsoles garums: 14,3 m<\/li>\n\n\n\n<li>Atv\u0113rums (span): 36 m<\/li>\n<\/ul>\n\n<p>Madrid\u2013Vic\u00e1lvaro termin\u0101lis, ko pa\u0161laik att\u012bsta ADIF, ir viens no noz\u012bm\u012bg\u0101kajiem ieguld\u012bjumiem Sp\u0101nijas lo\u0123istikas infrastrukt\u016br\u0101. Ar projekta bud\u017eetu, kas p\u0101rsniedz 300 miljonus eiro, jaunais termin\u0101lis k\u013c\u016bs par b\u016btisku lo\u0123istikas mezglu centr\u0101laj\u0101 Sp\u0101nij\u0101, nodro\u0161inot savienojumu starp Vidusj\u016bras un Atlantijas dzelzce\u013ca koridoriem. P\u0113c pl\u0101not\u0101s darb\u012bbas uzs\u0101k\u0161anas 2026. gad\u0101 termin\u0101lis apstr\u0101d\u0101s l\u012bdz 150 000 intermod\u0101lo vien\u012bbu gad\u0101, kalpojot k\u0101 galvenais sadales punkts prec\u0113m starp liel\u0101kaj\u0101m Sp\u0101nijas ost\u0101m un sauszemes galam\u0113r\u0137iem.<\/p>\n\n<p>\u0160\u012b nos\u016bt\u012b\u0161ana iez\u012bm\u0113 k\u0101rt\u0113jo soli AS \u201cRIKON\u201d Eiropas papla\u0161in\u0101\u0161an\u0101s proces\u0101 p\u0113c veiksm\u012bgi realiz\u0113tajiem projektiem Valensij\u0101 un citos Eiropas ostu un termin\u0101\u013cu objektos. Uzlabot\u0101 automatiz\u0101cijas tehnolo\u0123ija, kas paredz\u0113ta Madrid\u2013Vic\u00e1lvaro termin\u0101lim, \u013caus tam sasniegt optim\u0101lu darb\u012bbas efektivit\u0101ti jau no darb\u012bbas s\u0101kuma, vienlaikus nodro\u0161inot maksim\u0101lu dro\u0161\u012bbu, izmantojot automatiz\u0113tu un att\u0101lin\u0101tu vad\u012bbu.<\/p>\n\n<p>\u0160is projekts apliecina RIKON sp\u0113jas pieg\u0101d\u0101t modernus, inovat\u012bvus tehnolo\u0123iskos risin\u0101jumus m\u016bsdienu intermod\u0101lajiem termin\u0101\u013ciem un apstiprina uz\u0146\u0113muma poz\u012bcijas k\u0101 uzticamam partnerim nacion\u0101l\u0101s infrastrukt\u016bras projektos vis\u0101 Eirop\u0101.<\/p>\n","protected":false},"excerpt":{"rendered":"<p>AS \u201cRIKON\u201d ir veiksm\u012bgi nos\u016bt\u012bjis pirmo no trim piln\u012bb\u0101 automatiz\u0113tajiem A-RMG (Automated Rail Mounted Gantry) port\u0101lcelt\u0146iem uz jauno Madrid\u2013Vic\u00e1lvaro intermod\u0101lo termin\u0101li Sp\u0101nij\u0101. Iek\u0101rtas tiek pieg\u0101d\u0101tas ADIF \u2014 Sp\u0101nijas valsts uz\u0146\u0113mumam, kas ir atbild\u012bgs par valsts dzelzce\u013ca infrastrukt\u016bru.<\/p>\n","protected":false},"featured_media":657,"template":"","meta":{"_acf_changed":false},"class_list":["post-658","news-and-events","type-news-and-events","status-publish","has-post-thumbnail","hentry"],"acf":[],"yoast_head":"<!-- This site is optimized with the Yoast SEO Premium plugin v1 (Yoast SEO v27.3) - https:\/\/yoast.com\/product\/yoast-seo-premium-wordpress\/ -->\n<title>AS \u201cRIKON\u201d nos\u016bta pirmo A-RMG celtni Madrides jaunajam intermod\u0101lajam termin\u0101lim - RIKON<\/title>\n<meta name=\"description\" content=\"Abon\u0113jiet m\u016bsu jaunumus un sa\u0146emiet jaun\u0101k\u0101s zi\u0146as un pazi\u0146ojumus par gaid\u0101majiem pas\u0101kumiem tie\u0161i sav\u0101 e-past\u0101.\" \/>\n<meta name=\"robots\" content=\"index, follow, max-snippet:-1, max-image-preview:large, max-video-preview:-1\" \/>\n<link rel=\"canonical\" href=\"https:\/\/rikoncranes.com\/lv\/aktualitates\/as-rikon-nosuta-pirmo-a-rmg-celtni-madrides-jaunajam-intermodalajam-terminalim\/\" \/>\n<meta property=\"og:locale\" content=\"lv_LV\" \/>\n<meta property=\"og:type\" content=\"article\" \/>\n<meta property=\"og:title\" content=\"AS \u201cRIKON\u201d nos\u016bta pirmo A-RMG celtni Madrides jaunajam intermod\u0101lajam termin\u0101lim - RIKON\" \/>\n<meta property=\"og:description\" content=\"Abon\u0113jiet m\u016bsu jaunumus un sa\u0146emiet jaun\u0101k\u0101s zi\u0146as un pazi\u0146ojumus par gaid\u0101majiem pas\u0101kumiem tie\u0161i sav\u0101 e-past\u0101.\" \/>\n<meta property=\"og:url\" content=\"https:\/\/rikoncranes.com\/lv\/aktualitates\/as-rikon-nosuta-pirmo-a-rmg-celtni-madrides-jaunajam-intermodalajam-terminalim\/\" \/>\n<meta property=\"og:site_name\" content=\"RIKON\" \/>\n<meta property=\"article:modified_time\" content=\"2025-12-02T21:59:02+00:00\" \/>\n<meta property=\"og:image\" content=\"https:\/\/rikoncranes.com\/wp-content\/uploads\/2025\/12\/A-RMG-for-Madrid-scaled.jpg\" \/>\n\t<meta property=\"og:image:width\" content=\"2560\" \/>\n\t<meta property=\"og:image:height\" content=\"1810\" \/>\n\t<meta property=\"og:image:type\" content=\"image\/jpeg\" \/>\n<meta name=\"twitter:card\" content=\"summary_large_image\" \/>\n<meta name=\"twitter:label1\" content=\"Est. reading time\" \/>\n\t<meta name=\"twitter:data1\" content=\"1 minute\" \/>\n<script type=\"application\/ld+json\" class=\"yoast-schema-graph\">{\"@context\":\"https:\\\/\\\/schema.org\",\"@graph\":[{\"@type\":\"WebPage\",\"@id\":\"https:\\\/\\\/rikoncranes.com\\\/lv\\\/aktualitates\\\/as-rikon-nosuta-pirmo-a-rmg-celtni-madrides-jaunajam-intermodalajam-terminalim\\\/\",\"url\":\"https:\\\/\\\/rikoncranes.com\\\/lv\\\/aktualitates\\\/as-rikon-nosuta-pirmo-a-rmg-celtni-madrides-jaunajam-intermodalajam-terminalim\\\/\",\"name\":\"AS \u201cRIKON\u201d nos\u016bta pirmo A-RMG celtni Madrides jaunajam intermod\u0101lajam termin\u0101lim - RIKON\",\"isPartOf\":{\"@id\":\"https:\\\/\\\/rikoncranes.com\\\/lv\\\/#website\"},\"primaryImageOfPage\":{\"@id\":\"https:\\\/\\\/rikoncranes.com\\\/lv\\\/aktualitates\\\/as-rikon-nosuta-pirmo-a-rmg-celtni-madrides-jaunajam-intermodalajam-terminalim\\\/#primaryimage\"},\"image\":{\"@id\":\"https:\\\/\\\/rikoncranes.com\\\/lv\\\/aktualitates\\\/as-rikon-nosuta-pirmo-a-rmg-celtni-madrides-jaunajam-intermodalajam-terminalim\\\/#primaryimage\"},\"thumbnailUrl\":\"https:\\\/\\\/rikoncranes.com\\\/wp-content\\\/uploads\\\/2025\\\/12\\\/A-RMG-for-Madrid-scaled.jpg\",\"datePublished\":\"2025-10-28T21:52:00+00:00\",\"dateModified\":\"2025-12-02T21:59:02+00:00\",\"description\":\"Abon\u0113jiet m\u016bsu jaunumus un sa\u0146emiet jaun\u0101k\u0101s zi\u0146as un pazi\u0146ojumus par gaid\u0101majiem pas\u0101kumiem tie\u0161i sav\u0101 e-past\u0101.\",\"breadcrumb\":{\"@id\":\"https:\\\/\\\/rikoncranes.com\\\/lv\\\/aktualitates\\\/as-rikon-nosuta-pirmo-a-rmg-celtni-madrides-jaunajam-intermodalajam-terminalim\\\/#breadcrumb\"},\"inLanguage\":\"lv-LV\",\"potentialAction\":[{\"@type\":\"ReadAction\",\"target\":[\"https:\\\/\\\/rikoncranes.com\\\/lv\\\/aktualitates\\\/as-rikon-nosuta-pirmo-a-rmg-celtni-madrides-jaunajam-intermodalajam-terminalim\\\/\"]}]},{\"@type\":\"ImageObject\",\"inLanguage\":\"lv-LV\",\"@id\":\"https:\\\/\\\/rikoncranes.com\\\/lv\\\/aktualitates\\\/as-rikon-nosuta-pirmo-a-rmg-celtni-madrides-jaunajam-intermodalajam-terminalim\\\/#primaryimage\",\"url\":\"https:\\\/\\\/rikoncranes.com\\\/wp-content\\\/uploads\\\/2025\\\/12\\\/A-RMG-for-Madrid-scaled.jpg\",\"contentUrl\":\"https:\\\/\\\/rikoncranes.com\\\/wp-content\\\/uploads\\\/2025\\\/12\\\/A-RMG-for-Madrid-scaled.jpg\",\"width\":2560,\"height\":1810,\"caption\":\"JSC \\\"RIKON\\\" Ships First A-RMG for Madrid's New Intermodal Terminal\"},{\"@type\":\"BreadcrumbList\",\"@id\":\"https:\\\/\\\/rikoncranes.com\\\/lv\\\/aktualitates\\\/as-rikon-nosuta-pirmo-a-rmg-celtni-madrides-jaunajam-intermodalajam-terminalim\\\/#breadcrumb\",\"itemListElement\":[{\"@type\":\"ListItem\",\"position\":1,\"name\":\"Home\",\"item\":\"https:\\\/\\\/rikoncranes.com\\\/lv\\\/\"},{\"@type\":\"ListItem\",\"position\":2,\"name\":\"News and Events\",\"item\":\"https:\\\/\\\/rikoncranes.com\\\/lv\\\/aktualitates\\\/\"},{\"@type\":\"ListItem\",\"position\":3,\"name\":\"AS \u201cRIKON\u201d nos\u016bta pirmo A-RMG celtni Madrides jaunajam intermod\u0101lajam termin\u0101lim\"}]},{\"@type\":\"WebSite\",\"@id\":\"https:\\\/\\\/rikoncranes.com\\\/lv\\\/#website\",\"url\":\"https:\\\/\\\/rikoncranes.com\\\/lv\\\/\",\"name\":\"RIKONCRANES.COM\",\"description\":\"\",\"publisher\":{\"@id\":\"https:\\\/\\\/rikoncranes.com\\\/lv\\\/#organization\"},\"potentialAction\":[{\"@type\":\"SearchAction\",\"target\":{\"@type\":\"EntryPoint\",\"urlTemplate\":\"https:\\\/\\\/rikoncranes.com\\\/lv\\\/?s={search_term_string}\"},\"query-input\":{\"@type\":\"PropertyValueSpecification\",\"valueRequired\":true,\"valueName\":\"search_term_string\"}}],\"inLanguage\":\"lv-LV\"},{\"@type\":\"Organization\",\"@id\":\"https:\\\/\\\/rikoncranes.com\\\/lv\\\/#organization\",\"name\":\"RIKON JSC\",\"url\":\"https:\\\/\\\/rikoncranes.com\\\/lv\\\/\",\"logo\":{\"@type\":\"ImageObject\",\"inLanguage\":\"lv-LV\",\"@id\":\"https:\\\/\\\/rikoncranes.com\\\/lv\\\/#\\\/schema\\\/logo\\\/image\\\/\",\"url\":\"https:\\\/\\\/rikoncranes.com\\\/wp-content\\\/uploads\\\/2025\\\/11\\\/site-logotype.svg\",\"contentUrl\":\"https:\\\/\\\/rikoncranes.com\\\/wp-content\\\/uploads\\\/2025\\\/11\\\/site-logotype.svg\",\"width\":1160,\"height\":203,\"caption\":\"RIKON JSC\"},\"image\":{\"@id\":\"https:\\\/\\\/rikoncranes.com\\\/lv\\\/#\\\/schema\\\/logo\\\/image\\\/\"}}]}<\/script>\n<!-- \/ Yoast SEO Premium plugin. -->","yoast_head_json":{"title":"AS \u201cRIKON\u201d nos\u016bta pirmo A-RMG celtni Madrides jaunajam intermod\u0101lajam termin\u0101lim - RIKON","description":"Abon\u0113jiet m\u016bsu jaunumus un sa\u0146emiet jaun\u0101k\u0101s zi\u0146as un pazi\u0146ojumus par gaid\u0101majiem pas\u0101kumiem tie\u0161i sav\u0101 e-past\u0101.","robots":{"index":"index","follow":"follow","max-snippet":"max-snippet:-1","max-image-preview":"max-image-preview:large","max-video-preview":"max-video-preview:-1"},"canonical":"https:\/\/rikoncranes.com\/lv\/aktualitates\/as-rikon-nosuta-pirmo-a-rmg-celtni-madrides-jaunajam-intermodalajam-terminalim\/","og_locale":"lv_LV","og_type":"article","og_title":"AS \u201cRIKON\u201d nos\u016bta pirmo A-RMG celtni Madrides jaunajam intermod\u0101lajam termin\u0101lim - RIKON","og_description":"Abon\u0113jiet m\u016bsu jaunumus un sa\u0146emiet jaun\u0101k\u0101s zi\u0146as un pazi\u0146ojumus par gaid\u0101majiem pas\u0101kumiem tie\u0161i sav\u0101 e-past\u0101.","og_url":"https:\/\/rikoncranes.com\/lv\/aktualitates\/as-rikon-nosuta-pirmo-a-rmg-celtni-madrides-jaunajam-intermodalajam-terminalim\/","og_site_name":"RIKON","article_modified_time":"2025-12-02T21:59:02+00:00","og_image":[{"width":2560,"height":1810,"url":"https:\/\/rikoncranes.com\/wp-content\/uploads\/2025\/12\/A-RMG-for-Madrid-scaled.jpg","type":"image\/jpeg"}],"twitter_card":"summary_large_image","twitter_misc":{"Est. reading time":"1 minute"},"schema":{"@context":"https:\/\/schema.org","@graph":[{"@type":"WebPage","@id":"https:\/\/rikoncranes.com\/lv\/aktualitates\/as-rikon-nosuta-pirmo-a-rmg-celtni-madrides-jaunajam-intermodalajam-terminalim\/","url":"https:\/\/rikoncranes.com\/lv\/aktualitates\/as-rikon-nosuta-pirmo-a-rmg-celtni-madrides-jaunajam-intermodalajam-terminalim\/","name":"AS \u201cRIKON\u201d nos\u016bta pirmo A-RMG celtni Madrides jaunajam intermod\u0101lajam termin\u0101lim - RIKON","isPartOf":{"@id":"https:\/\/rikoncranes.com\/lv\/#website"},"primaryImageOfPage":{"@id":"https:\/\/rikoncranes.com\/lv\/aktualitates\/as-rikon-nosuta-pirmo-a-rmg-celtni-madrides-jaunajam-intermodalajam-terminalim\/#primaryimage"},"image":{"@id":"https:\/\/rikoncranes.com\/lv\/aktualitates\/as-rikon-nosuta-pirmo-a-rmg-celtni-madrides-jaunajam-intermodalajam-terminalim\/#primaryimage"},"thumbnailUrl":"https:\/\/rikoncranes.com\/wp-content\/uploads\/2025\/12\/A-RMG-for-Madrid-scaled.jpg","datePublished":"2025-10-28T21:52:00+00:00","dateModified":"2025-12-02T21:59:02+00:00","description":"Abon\u0113jiet m\u016bsu jaunumus un sa\u0146emiet jaun\u0101k\u0101s zi\u0146as un pazi\u0146ojumus par gaid\u0101majiem pas\u0101kumiem tie\u0161i sav\u0101 e-past\u0101.","breadcrumb":{"@id":"https:\/\/rikoncranes.com\/lv\/aktualitates\/as-rikon-nosuta-pirmo-a-rmg-celtni-madrides-jaunajam-intermodalajam-terminalim\/#breadcrumb"},"inLanguage":"lv-LV","potentialAction":[{"@type":"ReadAction","target":["https:\/\/rikoncranes.com\/lv\/aktualitates\/as-rikon-nosuta-pirmo-a-rmg-celtni-madrides-jaunajam-intermodalajam-terminalim\/"]}]},{"@type":"ImageObject","inLanguage":"lv-LV","@id":"https:\/\/rikoncranes.com\/lv\/aktualitates\/as-rikon-nosuta-pirmo-a-rmg-celtni-madrides-jaunajam-intermodalajam-terminalim\/#primaryimage","url":"https:\/\/rikoncranes.com\/wp-content\/uploads\/2025\/12\/A-RMG-for-Madrid-scaled.jpg","contentUrl":"https:\/\/rikoncranes.com\/wp-content\/uploads\/2025\/12\/A-RMG-for-Madrid-scaled.jpg","width":2560,"height":1810,"caption":"JSC \"RIKON\" Ships First A-RMG for Madrid's New Intermodal Terminal"},{"@type":"BreadcrumbList","@id":"https:\/\/rikoncranes.com\/lv\/aktualitates\/as-rikon-nosuta-pirmo-a-rmg-celtni-madrides-jaunajam-intermodalajam-terminalim\/#breadcrumb","itemListElement":[{"@type":"ListItem","position":1,"name":"Home","item":"https:\/\/rikoncranes.com\/lv\/"},{"@type":"ListItem","position":2,"name":"News and Events","item":"https:\/\/rikoncranes.com\/lv\/aktualitates\/"},{"@type":"ListItem","position":3,"name":"AS \u201cRIKON\u201d nos\u016bta pirmo A-RMG celtni Madrides jaunajam intermod\u0101lajam termin\u0101lim"}]},{"@type":"WebSite","@id":"https:\/\/rikoncranes.com\/lv\/#website","url":"https:\/\/rikoncranes.com\/lv\/","name":"RIKONCRANES.COM","description":"","publisher":{"@id":"https:\/\/rikoncranes.com\/lv\/#organization"},"potentialAction":[{"@type":"SearchAction","target":{"@type":"EntryPoint","urlTemplate":"https:\/\/rikoncranes.com\/lv\/?s={search_term_string}"},"query-input":{"@type":"PropertyValueSpecification","valueRequired":true,"valueName":"search_term_string"}}],"inLanguage":"lv-LV"},{"@type":"Organization","@id":"https:\/\/rikoncranes.com\/lv\/#organization","name":"RIKON JSC","url":"https:\/\/rikoncranes.com\/lv\/","logo":{"@type":"ImageObject","inLanguage":"lv-LV","@id":"https:\/\/rikoncranes.com\/lv\/#\/schema\/logo\/image\/","url":"https:\/\/rikoncranes.com\/wp-content\/uploads\/2025\/11\/site-logotype.svg","contentUrl":"https:\/\/rikoncranes.com\/wp-content\/uploads\/2025\/11\/site-logotype.svg","width":1160,"height":203,"caption":"RIKON JSC"},"image":{"@id":"https:\/\/rikoncranes.com\/lv\/#\/schema\/logo\/image\/"}}]}},"_links":{"self":[{"href":"https:\/\/rikoncranes.com\/lv\/wp-json\/wp\/v2\/news-and-events\/658","targetHints":{"allow":["GET"]}}],"collection":[{"href":"https:\/\/rikoncranes.com\/lv\/wp-json\/wp\/v2\/news-and-events"}],"about":[{"href":"https:\/\/rikoncranes.com\/lv\/wp-json\/wp\/v2\/types\/news-and-events"}],"wp:featuredmedia":[{"embeddable":true,"href":"https:\/\/rikoncranes.com\/lv\/wp-json\/wp\/v2\/media\/657"}],"wp:attachment":[{"href":"https:\/\/rikoncranes.com\/lv\/wp-json\/wp\/v2\/media?parent=658"}],"curies":[{"name":"wp","href":"https:\/\/api.w.org\/{rel}","templated":true}]}}