{"id":662,"date":"2025-09-30T22:03:00","date_gmt":"2025-09-30T22:03:00","guid":{"rendered":"https:\/\/rikoncranes.com\/news-and-events\/as-rikon-pabeidz-divsiju-limencelsanas-streles-celtnu-montazu-rigas-osta\/"},"modified":"2025-12-02T22:09:41","modified_gmt":"2025-12-02T22:09:41","slug":"as-rikon-pabeidz-divsiju-limencelsanas-streles-celtnu-montazu-rigas-osta","status":"publish","type":"news-and-events","link":"https:\/\/rikoncranes.com\/lv\/aktualitates\/as-rikon-pabeidz-divsiju-limencelsanas-streles-celtnu-montazu-rigas-osta\/","title":{"rendered":"AS \u201cRIKON\u201d pabeidz divsiju l\u012bme\u0146cel\u0161anas str\u0113les celt\u0146u mont\u0101\u017eu R\u012bgas ost\u0101"},"content":{"rendered":"\n<p>AS \u201cRIKON\u201d veiksm\u012bgi nosl\u0113dz divu divsiju l\u012bme\u0146cel\u0161anas str\u0113les celt\u0146u mont\u0101\u017eu R\u012bgas ost\u0101, kas ir da\u013ca no v\u0113rien\u012bga l\u012bguma par \u010detru iek\u0101rtu pieg\u0101di Turcijai. Iek\u0101rtu nos\u016bt\u012b\u0161ana pl\u0101nota 2025. gada ruden\u012b. Celt\u0146i paredz\u0113ti darb\u012bbai \u0130SDEM\u0130R ost\u0101, kas kalpo k\u0101 b\u016btiska infrastrukt\u016bra vienam no liel\u0101kajiem Turcijas metalur\u0123ijas uz\u0146\u0113mumiem, industri\u0101l\u0101 giganta OYAK Group sast\u0101v\u0101.<\/p>\n\n<p>\u0130SDEM\u0130R osta ir specializ\u0113ts industri\u0101lais termin\u0101lis, kas apkalpo \u0130SDEM\u0130R metalur\u0123ijas r\u016bpn\u012bcu (\u0130skenderun Demir ve \u00c7elik A.\u015e.), kas ietilpst OYAK Mining and Metallurgy Group sast\u0101v\u0101. OYAK Group ir viens no liel\u0101kajiem Turcijas industri\u0101lajiem konglomer\u0101tiem, apvienojot uz\u0146\u0113mumus metalur\u0123ijas, kalnr\u016bpniec\u012bbas un ener\u0123\u0113tikas nozar\u0113s. Osta apstr\u0101d\u0101 iev\u0113rojamu kravu apjomu \u2014 vair\u0101k nek\u0101 6 miljonus tonnu gad\u0101, nodro\u0161inot gan izejmateri\u0101lu (dzelzsr\u016bdas, og\u013cu) importu, gan gatavo met\u0101lizstr\u0101d\u0101jumu eksportu.<\/p>\n\n<p>Jaunie celt\u0146i nodro\u0161ina augstu veiktsp\u0113ju un darb\u012bbas elast\u012bbu. To galvenie tehniskie parametri:<\/p>\n\n<ul class=\"wp-block-list\">\n<li>Maksim\u0101l\u0101 celtsp\u0113ja 63 tonnas \u0101\u0137a re\u017e\u012bm\u0101<\/li>\n\n\n\n<li>Celtsp\u0113ja 32 tonnas satv\u0113r\u0113ja (grab) re\u017e\u012bm\u0101<\/li>\n\n\n\n<li>Maksim\u0101lais str\u0113les iznesums 36 metri<\/li>\n\n\n\n<li>Katra celt\u0146a kop\u0113j\u0101 masa \u2014 aptuveni 550 tonnas<\/li>\n<\/ul>\n\n<p>Gaid\u0101m\u0101 nos\u016bt\u012b\u0161ana b\u016bs noz\u012bm\u012bgs posms projekta \u012bsteno\u0161an\u0101, stiprinot sadarb\u012bbu starp AS \u201cRIKON\u201d un OYAK Group, k\u0101 ar\u012b papla\u0161inot uz\u0146\u0113muma iesp\u0113jas strat\u0113\u0123iski svar\u012bgaj\u0101 Turcijas tirg\u016b.<\/p>\n\n<p>\u0160is projekts, l\u012bdz\u0101s patlaban notieko\u0161aj\u0101m pieg\u0101d\u0113m Sp\u0101nijas valsts dzelzce\u013ca uz\u0146\u0113mumam ADIF, skaidri apliecina AS \u201cRIKON\u201d sp\u0113jas un profesionalit\u0101ti\u2026<\/p>\n","protected":false},"excerpt":{"rendered":"<p>AS \u201cRIKON\u201d pabeidz divsiju l\u012bme\u0146cel\u0161anas str\u0113les celt\u0146u mont\u0101\u017eu Turcijas OYAK grupas strat\u0113\u0123iskajam metalur\u0123ijas termin\u0101lim.<\/p>\n","protected":false},"featured_media":661,"template":"","meta":{"_acf_changed":false},"class_list":["post-662","news-and-events","type-news-and-events","status-publish","has-post-thumbnail","hentry"],"acf":[],"yoast_head":"<!-- This site is optimized with the Yoast SEO Premium plugin v1 (Yoast SEO v27.3) - https:\/\/yoast.com\/product\/yoast-seo-premium-wordpress\/ -->\n<title>AS \u201cRIKON\u201d pabeidz divsiju l\u012bme\u0146cel\u0161anas str\u0113les celt\u0146u mont\u0101\u017eu R\u012bgas ost\u0101 - RIKON<\/title>\n<meta name=\"description\" content=\"Abon\u0113jiet m\u016bsu jaunumus un sa\u0146emiet jaun\u0101k\u0101s zi\u0146as un pazi\u0146ojumus par gaid\u0101majiem pas\u0101kumiem tie\u0161i sav\u0101 e-past\u0101.\" \/>\n<meta name=\"robots\" content=\"index, follow, max-snippet:-1, max-image-preview:large, max-video-preview:-1\" \/>\n<link rel=\"canonical\" href=\"https:\/\/rikoncranes.com\/lv\/aktualitates\/as-rikon-pabeidz-divsiju-limencelsanas-streles-celtnu-montazu-rigas-osta\/\" \/>\n<meta property=\"og:locale\" content=\"lv_LV\" \/>\n<meta property=\"og:type\" content=\"article\" \/>\n<meta property=\"og:title\" content=\"AS \u201cRIKON\u201d pabeidz divsiju l\u012bme\u0146cel\u0161anas str\u0113les celt\u0146u mont\u0101\u017eu R\u012bgas ost\u0101 - RIKON\" \/>\n<meta property=\"og:description\" content=\"Abon\u0113jiet m\u016bsu jaunumus un sa\u0146emiet jaun\u0101k\u0101s zi\u0146as un pazi\u0146ojumus par gaid\u0101majiem pas\u0101kumiem tie\u0161i sav\u0101 e-past\u0101.\" \/>\n<meta property=\"og:url\" content=\"https:\/\/rikoncranes.com\/lv\/aktualitates\/as-rikon-pabeidz-divsiju-limencelsanas-streles-celtnu-montazu-rigas-osta\/\" \/>\n<meta property=\"og:site_name\" content=\"RIKON\" \/>\n<meta property=\"article:modified_time\" content=\"2025-12-02T22:09:41+00:00\" \/>\n<meta property=\"og:image\" content=\"https:\/\/rikoncranes.com\/wp-content\/uploads\/2025\/12\/Assembly-of-Double-Jib-Level-Luffing-Cranes-scaled.jpg\" \/>\n\t<meta property=\"og:image:width\" content=\"2560\" \/>\n\t<meta property=\"og:image:height\" content=\"1810\" \/>\n\t<meta property=\"og:image:type\" content=\"image\/jpeg\" \/>\n<meta name=\"twitter:card\" content=\"summary_large_image\" \/>\n<meta name=\"twitter:label1\" content=\"Est. reading time\" \/>\n\t<meta name=\"twitter:data1\" content=\"1 minute\" \/>\n<script type=\"application\/ld+json\" class=\"yoast-schema-graph\">{\"@context\":\"https:\\\/\\\/schema.org\",\"@graph\":[{\"@type\":\"WebPage\",\"@id\":\"https:\\\/\\\/rikoncranes.com\\\/lv\\\/aktualitates\\\/as-rikon-pabeidz-divsiju-limencelsanas-streles-celtnu-montazu-rigas-osta\\\/\",\"url\":\"https:\\\/\\\/rikoncranes.com\\\/lv\\\/aktualitates\\\/as-rikon-pabeidz-divsiju-limencelsanas-streles-celtnu-montazu-rigas-osta\\\/\",\"name\":\"AS \u201cRIKON\u201d pabeidz divsiju l\u012bme\u0146cel\u0161anas str\u0113les celt\u0146u mont\u0101\u017eu R\u012bgas ost\u0101 - RIKON\",\"isPartOf\":{\"@id\":\"https:\\\/\\\/rikoncranes.com\\\/lv\\\/#website\"},\"primaryImageOfPage\":{\"@id\":\"https:\\\/\\\/rikoncranes.com\\\/lv\\\/aktualitates\\\/as-rikon-pabeidz-divsiju-limencelsanas-streles-celtnu-montazu-rigas-osta\\\/#primaryimage\"},\"image\":{\"@id\":\"https:\\\/\\\/rikoncranes.com\\\/lv\\\/aktualitates\\\/as-rikon-pabeidz-divsiju-limencelsanas-streles-celtnu-montazu-rigas-osta\\\/#primaryimage\"},\"thumbnailUrl\":\"https:\\\/\\\/rikoncranes.com\\\/wp-content\\\/uploads\\\/2025\\\/12\\\/Assembly-of-Double-Jib-Level-Luffing-Cranes-scaled.jpg\",\"datePublished\":\"2025-09-30T22:03:00+00:00\",\"dateModified\":\"2025-12-02T22:09:41+00:00\",\"description\":\"Abon\u0113jiet m\u016bsu jaunumus un sa\u0146emiet jaun\u0101k\u0101s zi\u0146as un pazi\u0146ojumus par gaid\u0101majiem pas\u0101kumiem tie\u0161i sav\u0101 e-past\u0101.\",\"breadcrumb\":{\"@id\":\"https:\\\/\\\/rikoncranes.com\\\/lv\\\/aktualitates\\\/as-rikon-pabeidz-divsiju-limencelsanas-streles-celtnu-montazu-rigas-osta\\\/#breadcrumb\"},\"inLanguage\":\"lv-LV\",\"potentialAction\":[{\"@type\":\"ReadAction\",\"target\":[\"https:\\\/\\\/rikoncranes.com\\\/lv\\\/aktualitates\\\/as-rikon-pabeidz-divsiju-limencelsanas-streles-celtnu-montazu-rigas-osta\\\/\"]}]},{\"@type\":\"ImageObject\",\"inLanguage\":\"lv-LV\",\"@id\":\"https:\\\/\\\/rikoncranes.com\\\/lv\\\/aktualitates\\\/as-rikon-pabeidz-divsiju-limencelsanas-streles-celtnu-montazu-rigas-osta\\\/#primaryimage\",\"url\":\"https:\\\/\\\/rikoncranes.com\\\/wp-content\\\/uploads\\\/2025\\\/12\\\/Assembly-of-Double-Jib-Level-Luffing-Cranes-scaled.jpg\",\"contentUrl\":\"https:\\\/\\\/rikoncranes.com\\\/wp-content\\\/uploads\\\/2025\\\/12\\\/Assembly-of-Double-Jib-Level-Luffing-Cranes-scaled.jpg\",\"width\":2560,\"height\":1810,\"caption\":\"First A-RMG for Madrid's New Intermodal Terminal\"},{\"@type\":\"BreadcrumbList\",\"@id\":\"https:\\\/\\\/rikoncranes.com\\\/lv\\\/aktualitates\\\/as-rikon-pabeidz-divsiju-limencelsanas-streles-celtnu-montazu-rigas-osta\\\/#breadcrumb\",\"itemListElement\":[{\"@type\":\"ListItem\",\"position\":1,\"name\":\"Home\",\"item\":\"https:\\\/\\\/rikoncranes.com\\\/lv\\\/\"},{\"@type\":\"ListItem\",\"position\":2,\"name\":\"News and Events\",\"item\":\"https:\\\/\\\/rikoncranes.com\\\/lv\\\/aktualitates\\\/\"},{\"@type\":\"ListItem\",\"position\":3,\"name\":\"AS \u201cRIKON\u201d pabeidz divsiju l\u012bme\u0146cel\u0161anas str\u0113les celt\u0146u mont\u0101\u017eu R\u012bgas ost\u0101\"}]},{\"@type\":\"WebSite\",\"@id\":\"https:\\\/\\\/rikoncranes.com\\\/lv\\\/#website\",\"url\":\"https:\\\/\\\/rikoncranes.com\\\/lv\\\/\",\"name\":\"RIKONCRANES.COM\",\"description\":\"\",\"publisher\":{\"@id\":\"https:\\\/\\\/rikoncranes.com\\\/lv\\\/#organization\"},\"potentialAction\":[{\"@type\":\"SearchAction\",\"target\":{\"@type\":\"EntryPoint\",\"urlTemplate\":\"https:\\\/\\\/rikoncranes.com\\\/lv\\\/?s={search_term_string}\"},\"query-input\":{\"@type\":\"PropertyValueSpecification\",\"valueRequired\":true,\"valueName\":\"search_term_string\"}}],\"inLanguage\":\"lv-LV\"},{\"@type\":\"Organization\",\"@id\":\"https:\\\/\\\/rikoncranes.com\\\/lv\\\/#organization\",\"name\":\"RIKON JSC\",\"url\":\"https:\\\/\\\/rikoncranes.com\\\/lv\\\/\",\"logo\":{\"@type\":\"ImageObject\",\"inLanguage\":\"lv-LV\",\"@id\":\"https:\\\/\\\/rikoncranes.com\\\/lv\\\/#\\\/schema\\\/logo\\\/image\\\/\",\"url\":\"https:\\\/\\\/rikoncranes.com\\\/wp-content\\\/uploads\\\/2025\\\/11\\\/site-logotype.svg\",\"contentUrl\":\"https:\\\/\\\/rikoncranes.com\\\/wp-content\\\/uploads\\\/2025\\\/11\\\/site-logotype.svg\",\"width\":1160,\"height\":203,\"caption\":\"RIKON JSC\"},\"image\":{\"@id\":\"https:\\\/\\\/rikoncranes.com\\\/lv\\\/#\\\/schema\\\/logo\\\/image\\\/\"}}]}<\/script>\n<!-- \/ Yoast SEO Premium plugin. -->","yoast_head_json":{"title":"AS \u201cRIKON\u201d pabeidz divsiju l\u012bme\u0146cel\u0161anas str\u0113les celt\u0146u mont\u0101\u017eu R\u012bgas ost\u0101 - RIKON","description":"Abon\u0113jiet m\u016bsu jaunumus un sa\u0146emiet jaun\u0101k\u0101s zi\u0146as un pazi\u0146ojumus par gaid\u0101majiem pas\u0101kumiem tie\u0161i sav\u0101 e-past\u0101.","robots":{"index":"index","follow":"follow","max-snippet":"max-snippet:-1","max-image-preview":"max-image-preview:large","max-video-preview":"max-video-preview:-1"},"canonical":"https:\/\/rikoncranes.com\/lv\/aktualitates\/as-rikon-pabeidz-divsiju-limencelsanas-streles-celtnu-montazu-rigas-osta\/","og_locale":"lv_LV","og_type":"article","og_title":"AS \u201cRIKON\u201d pabeidz divsiju l\u012bme\u0146cel\u0161anas str\u0113les celt\u0146u mont\u0101\u017eu R\u012bgas ost\u0101 - RIKON","og_description":"Abon\u0113jiet m\u016bsu jaunumus un sa\u0146emiet jaun\u0101k\u0101s zi\u0146as un pazi\u0146ojumus par gaid\u0101majiem pas\u0101kumiem tie\u0161i sav\u0101 e-past\u0101.","og_url":"https:\/\/rikoncranes.com\/lv\/aktualitates\/as-rikon-pabeidz-divsiju-limencelsanas-streles-celtnu-montazu-rigas-osta\/","og_site_name":"RIKON","article_modified_time":"2025-12-02T22:09:41+00:00","og_image":[{"width":2560,"height":1810,"url":"https:\/\/rikoncranes.com\/wp-content\/uploads\/2025\/12\/Assembly-of-Double-Jib-Level-Luffing-Cranes-scaled.jpg","type":"image\/jpeg"}],"twitter_card":"summary_large_image","twitter_misc":{"Est. reading time":"1 minute"},"schema":{"@context":"https:\/\/schema.org","@graph":[{"@type":"WebPage","@id":"https:\/\/rikoncranes.com\/lv\/aktualitates\/as-rikon-pabeidz-divsiju-limencelsanas-streles-celtnu-montazu-rigas-osta\/","url":"https:\/\/rikoncranes.com\/lv\/aktualitates\/as-rikon-pabeidz-divsiju-limencelsanas-streles-celtnu-montazu-rigas-osta\/","name":"AS \u201cRIKON\u201d pabeidz divsiju l\u012bme\u0146cel\u0161anas str\u0113les celt\u0146u mont\u0101\u017eu R\u012bgas ost\u0101 - RIKON","isPartOf":{"@id":"https:\/\/rikoncranes.com\/lv\/#website"},"primaryImageOfPage":{"@id":"https:\/\/rikoncranes.com\/lv\/aktualitates\/as-rikon-pabeidz-divsiju-limencelsanas-streles-celtnu-montazu-rigas-osta\/#primaryimage"},"image":{"@id":"https:\/\/rikoncranes.com\/lv\/aktualitates\/as-rikon-pabeidz-divsiju-limencelsanas-streles-celtnu-montazu-rigas-osta\/#primaryimage"},"thumbnailUrl":"https:\/\/rikoncranes.com\/wp-content\/uploads\/2025\/12\/Assembly-of-Double-Jib-Level-Luffing-Cranes-scaled.jpg","datePublished":"2025-09-30T22:03:00+00:00","dateModified":"2025-12-02T22:09:41+00:00","description":"Abon\u0113jiet m\u016bsu jaunumus un sa\u0146emiet jaun\u0101k\u0101s zi\u0146as un pazi\u0146ojumus par gaid\u0101majiem pas\u0101kumiem tie\u0161i sav\u0101 e-past\u0101.","breadcrumb":{"@id":"https:\/\/rikoncranes.com\/lv\/aktualitates\/as-rikon-pabeidz-divsiju-limencelsanas-streles-celtnu-montazu-rigas-osta\/#breadcrumb"},"inLanguage":"lv-LV","potentialAction":[{"@type":"ReadAction","target":["https:\/\/rikoncranes.com\/lv\/aktualitates\/as-rikon-pabeidz-divsiju-limencelsanas-streles-celtnu-montazu-rigas-osta\/"]}]},{"@type":"ImageObject","inLanguage":"lv-LV","@id":"https:\/\/rikoncranes.com\/lv\/aktualitates\/as-rikon-pabeidz-divsiju-limencelsanas-streles-celtnu-montazu-rigas-osta\/#primaryimage","url":"https:\/\/rikoncranes.com\/wp-content\/uploads\/2025\/12\/Assembly-of-Double-Jib-Level-Luffing-Cranes-scaled.jpg","contentUrl":"https:\/\/rikoncranes.com\/wp-content\/uploads\/2025\/12\/Assembly-of-Double-Jib-Level-Luffing-Cranes-scaled.jpg","width":2560,"height":1810,"caption":"First A-RMG for Madrid's New Intermodal Terminal"},{"@type":"BreadcrumbList","@id":"https:\/\/rikoncranes.com\/lv\/aktualitates\/as-rikon-pabeidz-divsiju-limencelsanas-streles-celtnu-montazu-rigas-osta\/#breadcrumb","itemListElement":[{"@type":"ListItem","position":1,"name":"Home","item":"https:\/\/rikoncranes.com\/lv\/"},{"@type":"ListItem","position":2,"name":"News and Events","item":"https:\/\/rikoncranes.com\/lv\/aktualitates\/"},{"@type":"ListItem","position":3,"name":"AS \u201cRIKON\u201d pabeidz divsiju l\u012bme\u0146cel\u0161anas str\u0113les celt\u0146u mont\u0101\u017eu R\u012bgas ost\u0101"}]},{"@type":"WebSite","@id":"https:\/\/rikoncranes.com\/lv\/#website","url":"https:\/\/rikoncranes.com\/lv\/","name":"RIKONCRANES.COM","description":"","publisher":{"@id":"https:\/\/rikoncranes.com\/lv\/#organization"},"potentialAction":[{"@type":"SearchAction","target":{"@type":"EntryPoint","urlTemplate":"https:\/\/rikoncranes.com\/lv\/?s={search_term_string}"},"query-input":{"@type":"PropertyValueSpecification","valueRequired":true,"valueName":"search_term_string"}}],"inLanguage":"lv-LV"},{"@type":"Organization","@id":"https:\/\/rikoncranes.com\/lv\/#organization","name":"RIKON JSC","url":"https:\/\/rikoncranes.com\/lv\/","logo":{"@type":"ImageObject","inLanguage":"lv-LV","@id":"https:\/\/rikoncranes.com\/lv\/#\/schema\/logo\/image\/","url":"https:\/\/rikoncranes.com\/wp-content\/uploads\/2025\/11\/site-logotype.svg","contentUrl":"https:\/\/rikoncranes.com\/wp-content\/uploads\/2025\/11\/site-logotype.svg","width":1160,"height":203,"caption":"RIKON JSC"},"image":{"@id":"https:\/\/rikoncranes.com\/lv\/#\/schema\/logo\/image\/"}}]}},"_links":{"self":[{"href":"https:\/\/rikoncranes.com\/lv\/wp-json\/wp\/v2\/news-and-events\/662","targetHints":{"allow":["GET"]}}],"collection":[{"href":"https:\/\/rikoncranes.com\/lv\/wp-json\/wp\/v2\/news-and-events"}],"about":[{"href":"https:\/\/rikoncranes.com\/lv\/wp-json\/wp\/v2\/types\/news-and-events"}],"wp:featuredmedia":[{"embeddable":true,"href":"https:\/\/rikoncranes.com\/lv\/wp-json\/wp\/v2\/media\/661"}],"wp:attachment":[{"href":"https:\/\/rikoncranes.com\/lv\/wp-json\/wp\/v2\/media?parent=662"}],"curies":[{"name":"wp","href":"https:\/\/api.w.org\/{rel}","templated":true}]}}